{"id":219,"date":"2017-08-01T10:03:56","date_gmt":"2017-08-01T10:03:56","guid":{"rendered":"https:\/\/eduk8.net\/?p=219"},"modified":"2017-08-01T10:39:56","modified_gmt":"2017-08-01T10:39:56","slug":"ilmoittaudu-mukaan-vuoden-2017-tempaukseen","status":"publish","type":"post","link":"https:\/\/eduk8.net\/index.php\/2017\/08\/01\/ilmoittaudu-mukaan-vuoden-2017-tempaukseen\/","title":{"rendered":"Ilmoittaudu mukaan vuoden 2017 tempaukseen!"},"content":{"rendered":"<p><span class=\"_4n-j _3cht fsl\" data-testid=\"event-permalink-details\">llmoittautuminen vapaaehtoiseksi Vuosaaren kanavalla j\u00e4rjestett\u00e4v\u00e4\u00e4n tapahtumaan 2.9.2017:<br \/>\n<a href=\"https:\/\/docs.google.com\/forms\/d\/e\/1FAIpQLSfah4UlEMs0BPdRFThhwpd9PatcLAwEm9bbgl5bHn3ag36PcQ\/viewform\" target=\"_blank\" rel=\"nofollow nofollow noopener noreferrer\">https:\/\/docs.google.com\/<wbr \/>forms\/d\/e\/<wbr \/>1FAIpQLSfah4UlEMs0BPdRFThhw<wbr \/>pd9PatcLAwEm9bbgl5bHn3ag36<wbr \/>PcQ\/viewform<\/a><br \/>\n<span class=\"text_exposed_show\"><br \/>\nT\u00e4n\u00e4 vuonna mukaan voi tulla my\u00f6s ilmoittautumatta. Toivomme kuitenkin, ett\u00e4 mahdollisimman moni ilmoittautuisi ennakkoon j\u00e4rjestelyiden sujuvoittamiseksi. T\u00e4kyn\u00e4 tarjoamme s\u00e4mpyl\u00e4n ja kahvin\/teen kaikille vapaaehtoisille, jotka ilmoittautuvat viimeist\u00e4\u00e4n kaksi viikkoa ennen tapahtumaa yll\u00e4 olevan linkin kautta.<\/span><\/span><\/p>\n<p>Tapahtuman Facebook-tapahtuma: <a href=\"https:\/\/www.facebook.com\/events\/262796324179706\/?acontext=%7B%22action_history%22%3A%22[%7B%5C%22surface%5C%22%3A%5C%22messaging%5C%22%2C%5C%22mechanism%5C%22%3A%5C%22attachment%5C%22%2C%5C%22extra_data%5C%22%3A%7B%7D%7D]%22%7D\" target=\"_blank\" rel=\"noopener noreferrer\">Project AWARE -sukellustempaus 2017<\/a><\/p>\n","protected":false},"excerpt":{"rendered":"<p>llmoittautuminen vapaaehtoiseksi Vuosaaren kanavalla j\u00e4rjestett\u00e4v\u00e4\u00e4n tapahtumaan 2.9.2017: https:\/\/docs.google.com\/forms\/d\/e\/1FAIpQLSfah4UlEMs0BPdRFThhwpd9PatcLAwEm9bbgl5bHn3ag36PcQ\/viewform T\u00e4n\u00e4 vuonna mukaan voi tulla my\u00f6s ilmoittautumatta. Toivomme kuitenkin, ett\u00e4 mahdollisimman moni ilmoittautuisi ennakkoon j\u00e4rjestelyiden sujuvoittamiseksi. T\u00e4kyn\u00e4 tarjoamme s\u00e4mpyl\u00e4n ja kahvin\/teen kaikille vapaaehtoisille, jotka ilmoittautuvat viimeist\u00e4\u00e4n kaksi viikkoa ennen tapahtumaa yll\u00e4 olevan linkin kautta. Tapahtuman Facebook-tapahtuma: Project AWARE -sukellustempaus 2017<\/p>\n","protected":false},"author":1,"featured_media":0,"comment_status":"closed","ping_status":"closed","sticky":false,"template":"","format":"standard","meta":{"footnotes":"","_links_to":"","_links_to_target":""},"categories":[1],"tags":[],"class_list":["post-219","post","type-post","status-publish","format-standard","hentry","category-uncategorized"],"_links":{"self":[{"href":"https:\/\/eduk8.net\/index.php\/wp-json\/wp\/v2\/posts\/219","targetHints":{"allow":["GET"]}}],"collection":[{"href":"https:\/\/eduk8.net\/index.php\/wp-json\/wp\/v2\/posts"}],"about":[{"href":"https:\/\/eduk8.net\/index.php\/wp-json\/wp\/v2\/types\/post"}],"author":[{"embeddable":true,"href":"https:\/\/eduk8.net\/index.php\/wp-json\/wp\/v2\/users\/1"}],"replies":[{"embeddable":true,"href":"https:\/\/eduk8.net\/index.php\/wp-json\/wp\/v2\/comments?post=219"}],"version-history":[{"count":2,"href":"https:\/\/eduk8.net\/index.php\/wp-json\/wp\/v2\/posts\/219\/revisions"}],"predecessor-version":[{"id":221,"href":"https:\/\/eduk8.net\/index.php\/wp-json\/wp\/v2\/posts\/219\/revisions\/221"}],"wp:attachment":[{"href":"https:\/\/eduk8.net\/index.php\/wp-json\/wp\/v2\/media?parent=219"}],"wp:term":[{"taxonomy":"category","embeddable":true,"href":"https:\/\/eduk8.net\/index.php\/wp-json\/wp\/v2\/categories?post=219"},{"taxonomy":"post_tag","embeddable":true,"href":"https:\/\/eduk8.net\/index.php\/wp-json\/wp\/v2\/tags?post=219"}],"curies":[{"name":"wp","href":"https:\/\/api.w.org\/{rel}","templated":true}]}}