{"id":287,"date":"2017-08-31T11:30:52","date_gmt":"2017-08-31T11:30:52","guid":{"rendered":"https:\/\/eduk8.net\/?p=287"},"modified":"2017-08-31T11:31:22","modified_gmt":"2017-08-31T11:31:22","slug":"287","status":"publish","type":"post","link":"https:\/\/eduk8.net\/index.php\/2017\/08\/31\/287\/","title":{"rendered":"Tapahtuma info Uutelan kanava 2.9.17"},"content":{"rendered":"<p>T\u00e4ss\u00e4 hieman lis\u00e4tietoja tapahtumasta sek\u00e4 sukeltajille, ett\u00e4 rannalla oleville. Paikalle voi tulla t\u00e4n\u00e4 vuonna my\u00f6s ilman ennakkoilmoittautumista.<\/p>\n<p>Me j\u00e4rjest\u00e4j\u00e4t olemme paikalla n. 9.00 l\u00e4htien asettelemassa telttoja ja opasteita paikoilleen. Meit\u00e4 voi nyk\u00e4ist\u00e4 hihasta, meid\u00e4t tunnistaa turkoosista Project AWARE-paidasta.<\/p>\n<p>&nbsp;<\/p>\n<p>Alla kartta, josta l\u00f6ytyv\u00e4 tapahtumapaikka sek\u00e4 muut tapahtumaan liittyv\u00e4t paikat.<\/p>\n<p><a href=\"https:\/\/eduk8.net\/wp-content\/uploads\/2017\/08\/AWARE-kartta.jpg\"><img loading=\"lazy\" decoding=\"async\" class=\"wp-image-288 alignleft\" src=\"https:\/\/eduk8.net\/wp-content\/uploads\/2017\/08\/AWARE-kartta-248x300.jpg\" alt=\"\" width=\"447\" height=\"541\" srcset=\"https:\/\/eduk8.net\/wp-content\/uploads\/2017\/08\/AWARE-kartta-248x300.jpg 248w, https:\/\/eduk8.net\/wp-content\/uploads\/2017\/08\/AWARE-kartta-768x929.jpg 768w, https:\/\/eduk8.net\/wp-content\/uploads\/2017\/08\/AWARE-kartta-847x1024.jpg 847w, https:\/\/eduk8.net\/wp-content\/uploads\/2017\/08\/AWARE-kartta-732x885.jpg 732w, https:\/\/eduk8.net\/wp-content\/uploads\/2017\/08\/AWARE-kartta-1140x1379.jpg 1140w\" sizes=\"auto, (max-width: 447px) 100vw, 447px\" \/><\/a><\/p>\n<p>Tapahtumassa mukana ovat mm.:<\/p>\n<p>&#8211; ymp\u00e4rist\u00f6taiteilija Tikke Tuura<\/p>\n<p>&#8211; Trash Heroes muusikot<\/p>\n<p>&#8211; SukellusTrio, live-kuvaa isolle screenille merenpohjasta<\/p>\n<p>&#8211; W\u00e4rtsil\u00e4, sukeltajia sek\u00e4 Seabin-meriroskiksen esittelij\u00f6it\u00e4<\/p>\n<p>&nbsp;<\/p>\n<p><strong>Sukeltajille<\/strong><\/p>\n<p>Tapahtuma alkaa klo 11.00 ja t\u00e4m\u00e4n j\u00e4lkeen saa menn\u00e4 veteen.Veteen ei p\u00e4\u00e4se en\u00e4\u00e4 14.30 j\u00e4lkeen, jotta kaikki ovat varmasti poissa klo 15.00.Pid\u00e4mme kirjaa sukeltajista ja briiffaamme veteenmenij\u00e4t turvallisuusseikoista paikan p\u00e4\u00e4ll\u00e4. Tullessasi autolla paikalle, voit halutessasi j\u00e4tt\u00e4\u00e4 varusteesi infoteltalle odottamaan siksi aikaa kun parkkeeraat auton. Parkkipaikkoja l\u00f6ytyy tien varresta sek\u00e4 \u00a0kahvila Kampelan edustalta.<\/p>\n<p>&nbsp;<\/p>\n<p>Sukellusalue on kahden sillan v\u00e4liss\u00e4 oleva alue, sen edemm\u00e4ksi merta ei saa menn\u00e4, sill\u00e4 siell\u00e4 on jo veneilij\u00f6it\u00e4. Me olemme varanneet sukeltajille roskienkeruus\u00e4kkej\u00e4 lainattavaksi. Rantajoukot ottavat vastaan roskia rappusilla.<\/p>\n<p>Paikalla on my\u00f6s K\u00e4pyl\u00e4n VPK:n paloauto, joka huuhtoo varusteesi puhtaaksi tullessasi vedest\u00e4.T\u00e4m\u00e4 tosin sill\u00e4 varauksella, ettei heill\u00e4 ole h\u00e4lytysajoa.<\/p>\n<p>&nbsp;<\/p>\n<p><strong>Rantajoukoille<\/strong><\/p>\n<p>Pinta-avustajilla kannattaa olla keng\u00e4t, joilla on hyv\u00e4 liikkua portaita ja jotka eiv\u00e4t ole arat likaantumiselle. Tarjoamme suojak\u00e4sineit\u00e4 ja roskienkeruutikkuja k\u00e4sien suojaamiseksi. Avustajat rappusilla ottavat vastaan roskia sukeltajilta ja viev\u00e4t ne Tikelle rappusten yl\u00e4p\u00e4\u00e4h\u00e4n taideteokseen lis\u00e4tt\u00e4v\u00e4ksi. Ennen lis\u00e4yst\u00e4 toiset teist\u00e4 avustajista kirjaavat roskat luetteloon kansainv\u00e4liseen datapohjaan lis\u00e4tt\u00e4v\u00e4ksi.<\/p>\n<p>Kaikille teille ennakkoon ilmoittautuneille on varattu juustos\u00e4mpyl\u00e4 ja juoma kahvila Kampelasta. Paikalle tullessanne saatte minulta infoteltalta lipukkeen, jota vastaan saatte noutaa kahvilasta oman s\u00e4mpyl\u00e4nne tapahtumap\u00e4iv\u00e4n\u00e4 klo 11.00-15.00 v\u00e4lisen\u00e4 aikana<\/p>\n","protected":false},"excerpt":{"rendered":"<p>T\u00e4ss\u00e4 hieman lis\u00e4tietoja tapahtumasta sek\u00e4 sukeltajille, ett\u00e4 rannalla oleville. Paikalle voi tulla t\u00e4n\u00e4 vuonna my\u00f6s ilman ennakkoilmoittautumista. Me j\u00e4rjest\u00e4j\u00e4t olemme paikalla n. 9.00 l\u00e4htien asettelemassa telttoja ja opasteita paikoilleen. Meit\u00e4 voi nyk\u00e4ist\u00e4 hihasta, meid\u00e4t tunnistaa turkoosista Project AWARE-paidasta. &nbsp; Alla kartta, josta l\u00f6ytyv\u00e4 tapahtumapaikka sek\u00e4 muut tapahtumaan liittyv\u00e4t paikat. Tapahtumassa mukana ovat mm.: &#8211; ymp\u00e4rist\u00f6taiteilija [&hellip;]<\/p>\n","protected":false},"author":1,"featured_media":0,"comment_status":"closed","ping_status":"closed","sticky":false,"template":"","format":"standard","meta":{"footnotes":"","_links_to":"","_links_to_target":""},"categories":[1],"tags":[],"class_list":["post-287","post","type-post","status-publish","format-standard","hentry","category-uncategorized"],"_links":{"self":[{"href":"https:\/\/eduk8.net\/index.php\/wp-json\/wp\/v2\/posts\/287","targetHints":{"allow":["GET"]}}],"collection":[{"href":"https:\/\/eduk8.net\/index.php\/wp-json\/wp\/v2\/posts"}],"about":[{"href":"https:\/\/eduk8.net\/index.php\/wp-json\/wp\/v2\/types\/post"}],"author":[{"embeddable":true,"href":"https:\/\/eduk8.net\/index.php\/wp-json\/wp\/v2\/users\/1"}],"replies":[{"embeddable":true,"href":"https:\/\/eduk8.net\/index.php\/wp-json\/wp\/v2\/comments?post=287"}],"version-history":[{"count":2,"href":"https:\/\/eduk8.net\/index.php\/wp-json\/wp\/v2\/posts\/287\/revisions"}],"predecessor-version":[{"id":290,"href":"https:\/\/eduk8.net\/index.php\/wp-json\/wp\/v2\/posts\/287\/revisions\/290"}],"wp:attachment":[{"href":"https:\/\/eduk8.net\/index.php\/wp-json\/wp\/v2\/media?parent=287"}],"wp:term":[{"taxonomy":"category","embeddable":true,"href":"https:\/\/eduk8.net\/index.php\/wp-json\/wp\/v2\/categories?post=287"},{"taxonomy":"post_tag","embeddable":true,"href":"https:\/\/eduk8.net\/index.php\/wp-json\/wp\/v2\/tags?post=287"}],"curies":[{"name":"wp","href":"https:\/\/api.w.org\/{rel}","templated":true}]}}